{"id":716,"date":"2022-05-31T08:10:59","date_gmt":"2022-05-31T07:10:59","guid":{"rendered":"https:\/\/tasaciones.cbre.es\/noticias-de-tasaciones\/?p=716"},"modified":"2025-10-16T12:01:58","modified_gmt":"2025-10-16T11:01:58","slug":"cuanto-costaria-vivir-en-los-escenarios-de-las-novelas-de-barcelona","status":"publish","type":"post","link":"https:\/\/tasaciones.cbre.es\/noticias-de-tasaciones\/cuanto-costaria-vivir-en-los-escenarios-de-las-novelas-de-barcelona\/","title":{"rendered":"\u00bfCu\u00e1nto cuesta vivir en escenarios de novelas de Barcelona?"},"content":{"rendered":"<p>Con motivo del <span style=\"color: #006a32;\"><strong>d\u00eda de Sant Jordi<\/strong><\/span>, la jornada m\u00e1s rom\u00e1ntica y cultural de todo el a\u00f1o en Catalu\u00f1a, hemos realizado un <span style=\"color: #006a32;\"><strong>an\u00e1lisis del precio de la vivienda <\/strong><\/span>en los diferentes escenarios de las <strong><span style=\"color: #006800;\"><span style=\"color: #006a32;\">novelas emblem\u00e1ticas<\/span> <\/span><\/strong><span style=\"color: #006800;\"><span style=\"color: #000000;\">vinculadas a la ciudad de<\/span><\/span> <span style=\"color: #006a32;\"><strong>Barcelona <\/strong><\/span>que es una de las ciudades de Espa\u00f1a m\u00e1s caras para vivir.<\/p>\n<p>Cifras del sector reflejan que el coste de vida es un 35,51 % superior a la media del pa\u00eds. Como especialistas en<a href=\"https:\/\/tasaciones.cbre.es\/provincia-barcelona\/\"><strong> tasar pisos en Eixample<\/strong><\/a>, te mostramos c\u00f3mo ha influido la literatura en el mercado inmobiliario.<\/p>\n<p>\u00bfCu\u00e1nto costar\u00eda vivir en el barrio donde paseaba Rafael Puget o en el de Arnau Estanyol? \u00bfY a 10 minutos del Cementerio de los Libros Olvidados, donde acud\u00eda Daniel con su padre? \u00bfCu\u00e1l es el precio de un piso al lado del Hotel Rafaeli de la familia de Kim?<\/p>\n<div id=\"ez-toc-container\" class=\"ez-toc-v2_0_77 counter-hierarchy ez-toc-counter ez-toc-custom ez-toc-container-direction\">\n<div class=\"ez-toc-title-container\">\n<p class=\"ez-toc-title\" style=\"cursor:inherit\"><\/p>\n<span class=\"ez-toc-title-toggle\"><a href=\"#\" class=\"ez-toc-pull-right ez-toc-btn ez-toc-btn-xs ez-toc-btn-default ez-toc-toggle\" aria-label=\"Toggle Table of Content\"><span class=\"ez-toc-js-icon-con\"><span class=\"\"><span class=\"eztoc-hide\" style=\"display:none;\">Toggle<\/span><span class=\"ez-toc-icon-toggle-span\"><svg style=\"fill: #80bbad;color:#80bbad\" xmlns=\"http:\/\/www.w3.org\/2000\/svg\" class=\"list-377408\" width=\"20px\" height=\"20px\" viewBox=\"0 0 24 24\" fill=\"none\"><path d=\"M6 6H4v2h2V6zm14 0H8v2h12V6zM4 11h2v2H4v-2zm16 0H8v2h12v-2zM4 16h2v2H4v-2zm16 0H8v2h12v-2z\" fill=\"currentColor\"><\/path><\/svg><svg style=\"fill: #80bbad;color:#80bbad\" class=\"arrow-unsorted-368013\" xmlns=\"http:\/\/www.w3.org\/2000\/svg\" width=\"10px\" height=\"10px\" viewBox=\"0 0 24 24\" version=\"1.2\" baseProfile=\"tiny\"><path d=\"M18.2 9.3l-6.2-6.3-6.2 6.3c-.2.2-.3.4-.3.7s.1.5.3.7c.2.2.4.3.7.3h11c.3 0 .5-.1.7-.3.2-.2.3-.5.3-.7s-.1-.5-.3-.7zM5.8 14.7l6.2 6.3 6.2-6.3c.2-.2.3-.5.3-.7s-.1-.5-.3-.7c-.2-.2-.4-.3-.7-.3h-11c-.3 0-.5.1-.7.3-.2.2-.3.5-.3.7s.1.5.3.7z\"\/><\/svg><\/span><\/span><\/span><\/a><\/span><\/div>\n<nav><ul class='ez-toc-list ez-toc-list-level-1 ' ><li class='ez-toc-page-1 ez-toc-heading-level-2'><a class=\"ez-toc-link ez-toc-heading-1\" href=\"https:\/\/tasaciones.cbre.es\/noticias-de-tasaciones\/cuanto-costaria-vivir-en-los-escenarios-de-las-novelas-de-barcelona\/#Nosaltres_dos\" >Nosaltres dos<\/a><\/li><li class='ez-toc-page-1 ez-toc-heading-level-2'><a class=\"ez-toc-link ez-toc-heading-2\" href=\"https:\/\/tasaciones.cbre.es\/noticias-de-tasaciones\/cuanto-costaria-vivir-en-los-escenarios-de-las-novelas-de-barcelona\/#Sin_noticias_de_Gurb\" >Sin noticias de Gurb<\/a><\/li><li class='ez-toc-page-1 ez-toc-heading-level-2'><a class=\"ez-toc-link ez-toc-heading-3\" href=\"https:\/\/tasaciones.cbre.es\/noticias-de-tasaciones\/cuanto-costaria-vivir-en-los-escenarios-de-las-novelas-de-barcelona\/#Ultimas_tardes_con_Teresa\" >\u00daltimas tardes con Teresa<\/a><\/li><li class='ez-toc-page-1 ez-toc-heading-level-2'><a class=\"ez-toc-link ez-toc-heading-4\" href=\"https:\/\/tasaciones.cbre.es\/noticias-de-tasaciones\/cuanto-costaria-vivir-en-los-escenarios-de-las-novelas-de-barcelona\/#La_Plaza_del_Diamante\" >La Plaza del Diamante<\/a><\/li><li class='ez-toc-page-1 ez-toc-heading-level-2'><a class=\"ez-toc-link ez-toc-heading-5\" href=\"https:\/\/tasaciones.cbre.es\/noticias-de-tasaciones\/cuanto-costaria-vivir-en-los-escenarios-de-las-novelas-de-barcelona\/#Nada\" >Nada<\/a><\/li><li class='ez-toc-page-1 ez-toc-heading-level-2'><a class=\"ez-toc-link ez-toc-heading-6\" href=\"https:\/\/tasaciones.cbre.es\/noticias-de-tasaciones\/cuanto-costaria-vivir-en-los-escenarios-de-las-novelas-de-barcelona\/#La_sombra_del_viento\" >La sombra del viento<\/a><\/li><li class='ez-toc-page-1 ez-toc-heading-level-2'><a class=\"ez-toc-link ez-toc-heading-7\" href=\"https:\/\/tasaciones.cbre.es\/noticias-de-tasaciones\/cuanto-costaria-vivir-en-los-escenarios-de-las-novelas-de-barcelona\/#Los_mares_del_Sur_y_Diario_del_ladron\" >Los mares del Sur y\u00a0Diario del ladr\u00f3n<\/a><\/li><li class='ez-toc-page-1 ez-toc-heading-level-2'><a class=\"ez-toc-link ez-toc-heading-8\" href=\"https:\/\/tasaciones.cbre.es\/noticias-de-tasaciones\/cuanto-costaria-vivir-en-los-escenarios-de-las-novelas-de-barcelona\/#La_Catedral_del_Mar_y_La_ciudad_de_los_prodigios\" >La Catedral del Mar y\u00a0La ciudad de los prodigios<\/a><\/li><li class='ez-toc-page-1 ez-toc-heading-level-2'><a class=\"ez-toc-link ez-toc-heading-9\" href=\"https:\/\/tasaciones.cbre.es\/noticias-de-tasaciones\/cuanto-costaria-vivir-en-los-escenarios-de-las-novelas-de-barcelona\/#Un_senor_de_Barcelona\" >Un se\u00f1or de Barcelona<\/a><\/li><\/ul><\/nav><\/div>\n<h2><span class=\"ez-toc-section\" id=\"Nosaltres_dos\"><\/span><span style=\"color: #006a32;\"><strong><em>Nosaltres dos<\/em><\/strong><\/span><span class=\"ez-toc-section-end\"><\/span><\/h2>\n<p>Entre las principales conclusiones, destaca que vivir al lado del hotel Rafaeli de la familia de Kim, en la novela <span style=\"color: #006a32;\"><strong><em>Nosaltres dos<\/em><\/strong><\/span> de Xavier Bosch, presenta el precio medio de venta m\u00e1s alto de los analizados, as\u00ed como el mayor contraste en comparaci\u00f3n con el resto del distrito. En concreto, asciende hasta 1.012.948 \u20ac lo que supone un aumento del 73% en comparaci\u00f3n con el precio medio del Eixample.<\/p>\n<h2><span class=\"ez-toc-section\" id=\"Sin_noticias_de_Gurb\"><\/span><span style=\"color: #006a32;\"><strong><em>Sin noticias de Gurb<\/em><\/strong><\/span><span class=\"ez-toc-section-end\"><\/span><\/h2>\n<p>Algo similar ocurre en la zona de la Pedrera, donde el alien\u00edgena del libro <span style=\"color: #006a32;\"><strong><em>Sin noticias de Gurb<\/em><\/strong><\/span> pierde la cabeza. El precio de venta de una vivienda en este escenario alcanza 893.561 \u20ac de media, lo que supone una diferencia respecto al distrito Eixample de un 70%.<\/p>\n<h2><span class=\"ez-toc-section\" id=\"Ultimas_tardes_con_Teresa\"><\/span><span style=\"color: #006a32;\"><strong><em>\u00daltimas tardes con Teresa<\/em><\/strong><\/span><span class=\"ez-toc-section-end\"><\/span><\/h2>\n<p>Por el contrario, algo m\u00e1s asequible resulta vivir cerca del \u201cBar Delicias\u201d, donde Manolo Reyes, el Pijoaparte, so\u00f1aba con acceder socialmente. En este escenario de la novela <span style=\"color: #006a32;\"><strong><em>\u00daltimas tardes con Teresa<\/em><\/strong><\/span>, cerca del parque G\u00fcell, el precio medio de venta es de 263.403 \u20ac, el m\u00e1s bajo de los analizados y un 11% m\u00e1s caro que en el resto del distrito de Gracia.<\/p>\n<h2><span class=\"ez-toc-section\" id=\"La_Plaza_del_Diamante\"><\/span><span style=\"color: #006a32;\"><strong><em>La Plaza del Diamante<\/em><\/strong><\/span><span class=\"ez-toc-section-end\"><\/span><\/h2>\n<p>En este mismo distrito, concretamente en la plaza del Diamante del barrio la Colometa, se basa <span style=\"color: #006a32;\"><strong><em>La Plaza del Diamante<\/em><\/strong><\/span>, de Merc\u00e9 Rodoreda, donde el precio medio de venta de la vivienda es de 465.769 \u20ac, un 50% m\u00e1s que en comparaci\u00f3n con la media de Gracia.<\/p>\n<h2><span class=\"ez-toc-section\" id=\"Nada\"><\/span><span style=\"color: #006a32;\"><strong><em>Nada<\/em><\/strong><\/span><span class=\"ez-toc-section-end\"><\/span><\/h2>\n<p>En la novela <span style=\"color: #006a32;\"><strong><em>Nada<\/em><\/strong><\/span>, de Carmen Laforet, Andrea tuvo que compartir piso con su T\u00eda Angustias en la calle Aribau, en el Eixample. A d\u00eda de hoy, el precio medio de la vivienda en esta ubicaci\u00f3n es de 749.937 \u20ac, un 64% m\u00e1s que el precio medio en el resto del distrito.<\/p>\n<h2><span class=\"ez-toc-section\" id=\"La_sombra_del_viento\"><\/span><span style=\"color: #006a32;\"><strong><em>La sombra del viento<\/em><\/strong><\/span><span class=\"ez-toc-section-end\"><\/span><\/h2>\n<p>Ciutat Vella es sin duda el distrito en el que tienen lugar m\u00e1s novelas, y el precio medio de una vivienda en este distrito es de 203.807 \u20ac, sin embargo, se puede observar que las ubicaciones de las novelas ic\u00f3nicas aumentan por encima del 30% en el precio. Entre otras, encontramos <span style=\"color: #006a32;\"><strong><em>La sombra del viento<\/em><\/strong><\/span>, de Carlos Ruiz Zaf\u00f3n, que tiene lugar cerca de la plaza de Sant Jaume, a unos minutos del Cementerio de los Libros Olvidades. Aqu\u00ed el precio asciende a 480.825 \u20ac, es decir, un 57,61% m\u00e1s que en el resto del distrito.<\/p>\n<h2><span class=\"ez-toc-section\" id=\"Los_mares_del_Sur_y_Diario_del_ladron\"><\/span><span style=\"color: #006a32;\"><strong><em>Los mares del Sur y\u00a0Diario del ladr\u00f3n<\/em><\/strong><\/span><span class=\"ez-toc-section-end\"><\/span><\/h2>\n<p>Vivir en el piso donde muri\u00f3 Stuart Pedrell de <span style=\"color: #006a32;\"><strong><em>Los mares del Sur<\/em><\/strong><\/span>, en las proximidades al Liceu, aumenta el precio un 48%, hasta los 391.753 \u20ac, mientras que el precio de una vivienda donde Pepe el Gitano, de <span style=\"color: #006a32;\"><strong><em>Diario del ladr\u00f3n<\/em><\/strong><\/span>, cometi\u00f3 homicidio, se sit\u00faa en torno a los 294.598 \u20ac de media, un 30% por encima de la media de Ciutat Vella.<\/p>\n<h2><span class=\"ez-toc-section\" id=\"La_Catedral_del_Mar_y_La_ciudad_de_los_prodigios\"><\/span><span style=\"color: #006a32;\"><strong><em>La Catedral del Mar y\u00a0La ciudad de los prodigios<\/em><\/strong><\/span><span class=\"ez-toc-section-end\"><\/span><\/h2>\n<p>Este distrito tambi\u00e9n es el escenario de<span style=\"color: #006a32;\"> <strong><em>La Catedral del Mar<\/em><\/strong><\/span>, de Ildefonso Falcones. Una vivienda en el barrio de Arnau Estanyol, cerca de la iglesia de Santa Mar\u00eda del Mar, tiene un precio medio de venta de 469.074 \u20ac, lo que supone un 57% m\u00e1s que el resto del distrito. Un precio muy similar supondr\u00eda vivir donde le\u00edmos a Onofre Bouvila de <span style=\"color: #006a32;\"><strong><em>La ciudad de los prodigios<\/em><\/strong><\/span>, con un precio de venta de 472.571 \u20ac.<\/p>\n<h2><span class=\"ez-toc-section\" id=\"Un_senor_de_Barcelona\"><\/span><span style=\"color: #006a32;\"><strong><em>Un se\u00f1or de Barcelona<\/em><\/strong><\/span><span class=\"ez-toc-section-end\"><\/span><\/h2>\n<p>Asimismo, vivir en el barrio donde paseaba Rafael Puget, cerca del Ateneu barcelon\u00e9s, en la novela <span style=\"color: #006a32;\"><strong><em>Un se\u00f1or de Barcelona<\/em><\/strong><\/span>, costar\u00eda 438.102 \u20ac de media, mientras que hacerlo en la zona donde Josep Mar\u00eda de Sagarra escribi\u00f3 <span style=\"color: #006a32;\"><strong><em>Vida Privada<\/em><\/strong> <\/span>en dos meses, costar\u00eda de media 461.694\u00a0\u20ac, un 53% y 55% m\u00e1s que la media de Ciutat Vella, respectivamente.<\/p>\n<p>&nbsp;<\/p>\n<p>Queda patente que la literatura ha influido en el coste de ciertas viviendas barcelonesas. Recuerda que, si deseas <a href=\"https:\/\/tasaciones.cbre.es\/provincia-barcelona\/\" target=\"_blank\" rel=\"noopener\"><strong>tasar pisos en Eixample<\/strong><\/a>, en CBRE tendr\u00e1s un equipo de especialistas a tu disposici\u00f3n. \u00a1Cont\u00e1ctanos!<\/p>\n<p>&nbsp;<\/p>\n","protected":false},"excerpt":{"rendered":"<p>Con motivo del d\u00eda de Sant Jordi, la jornada m\u00e1s rom\u00e1ntica y cultural de todo el a\u00f1o en Catalu\u00f1a, hemos realizado un an\u00e1lisis del precio de la vivienda en los diferentes escenarios de las novelas emblem\u00e1ticas vinculadas a la ciudad de Barcelona que es una de las ciudades de Espa\u00f1a m\u00e1s caras para vivir. Cifras [&hellip;]<\/p>\n","protected":false},"author":1,"featured_media":721,"comment_status":"open","ping_status":"open","sticky":false,"template":"","format":"standard","meta":{"footnotes":""},"categories":[1],"tags":[],"class_list":["post-716","post","type-post","status-publish","format-standard","has-post-thumbnail","hentry","category-sin-categoria"],"_links":{"self":[{"href":"https:\/\/tasaciones.cbre.es\/noticias-de-tasaciones\/wp-json\/wp\/v2\/posts\/716","targetHints":{"allow":["GET"]}}],"collection":[{"href":"https:\/\/tasaciones.cbre.es\/noticias-de-tasaciones\/wp-json\/wp\/v2\/posts"}],"about":[{"href":"https:\/\/tasaciones.cbre.es\/noticias-de-tasaciones\/wp-json\/wp\/v2\/types\/post"}],"author":[{"embeddable":true,"href":"https:\/\/tasaciones.cbre.es\/noticias-de-tasaciones\/wp-json\/wp\/v2\/users\/1"}],"replies":[{"embeddable":true,"href":"https:\/\/tasaciones.cbre.es\/noticias-de-tasaciones\/wp-json\/wp\/v2\/comments?post=716"}],"version-history":[{"count":26,"href":"https:\/\/tasaciones.cbre.es\/noticias-de-tasaciones\/wp-json\/wp\/v2\/posts\/716\/revisions"}],"predecessor-version":[{"id":2611,"href":"https:\/\/tasaciones.cbre.es\/noticias-de-tasaciones\/wp-json\/wp\/v2\/posts\/716\/revisions\/2611"}],"wp:featuredmedia":[{"embeddable":true,"href":"https:\/\/tasaciones.cbre.es\/noticias-de-tasaciones\/wp-json\/wp\/v2\/media\/721"}],"wp:attachment":[{"href":"https:\/\/tasaciones.cbre.es\/noticias-de-tasaciones\/wp-json\/wp\/v2\/media?parent=716"}],"wp:term":[{"taxonomy":"category","embeddable":true,"href":"https:\/\/tasaciones.cbre.es\/noticias-de-tasaciones\/wp-json\/wp\/v2\/categories?post=716"},{"taxonomy":"post_tag","embeddable":true,"href":"https:\/\/tasaciones.cbre.es\/noticias-de-tasaciones\/wp-json\/wp\/v2\/tags?post=716"}],"curies":[{"name":"wp","href":"https:\/\/api.w.org\/{rel}","templated":true}]}}